{"id":2410,"date":"2024-05-16T15:36:44","date_gmt":"2024-05-16T15:36:44","guid":{"rendered":"https:\/\/qrealo.cl\/newportschool\/index.php\/2024\/05\/16\/espacios-musicales-para-nuestros-ninos-y-sus-familias\/"},"modified":"2024-05-16T15:36:44","modified_gmt":"2024-05-16T15:36:44","slug":"espacios-musicales-para-nuestros-ninos-y-sus-familias","status":"publish","type":"blog","link":"https:\/\/newportschool.edu.co\/es\/blog\/espacios-musicales-para-nuestros-ninos-y-sus-familias\/","title":{"rendered":"Espacios musicales para nuestros ni\u00f1os y sus familias"},"content":{"rendered":"<div class=\"row-fluid-wrapper row-depth-1 row-number-6 \">\n<div class=\"row-fluid \">\n<div class=\"span12 widget-span widget-type-cell \" data-widget-type=\"cell\" data-x=\"0\" data-w=\"12\">\n<div class=\"row-fluid-wrapper row-depth-1 row-number-7 \">\n<div class=\"row-fluid \">\n<div class=\"span1 widget-span widget-type-custom_widget \" data-widget-type=\"custom_widget\" data-x=\"0\" data-w=\"1\">\n<div id=\"hs_cos_wrapper_module_1594334446948378\" class=\"hs_cos_wrapper hs_cos_wrapper_widget hs_cos_wrapper_type_module widget-type-space\" data-hs-cos-general-type=\"widget\" data-hs-cos-type=\"module\">\n       <span class=\"hs-horizontal-spacer\"><\/span>\n      <\/div>\n<\/p><\/div>\n<p>     <!--end widget-span --> <\/p>\n<div class=\"span10 widget-span widget-type-custom_widget \" data-widget-type=\"custom_widget\" data-x=\"1\" data-w=\"10\">\n<div id=\"hs_cos_wrapper_module_1594157333248284\" class=\"hs_cos_wrapper hs_cos_wrapper_widget hs_cos_wrapper_type_module widget-type-blog_content\" data-hs-cos-general-type=\"widget\" data-hs-cos-type=\"module\">\n<div class=\"blog-section blog_col_in\">\n<div class=\"blog-post-wrapper cell-wrapper \">\n<div class=\"section post-header clearfix\">\n<h1> <span id=\"hs_cos_wrapper_name\" class=\"hs_cos_wrapper hs_cos_wrapper_meta_field hs_cos_wrapper_type_text\" data-hs-cos-general-type=\"meta_field\" data-hs-cos-type=\"text\">Espacios musicales para nuestros ni\u00f1os y sus familias<\/span> <\/h1>\n<\/p><\/div>\n<div class=\"section post-body\">\n          <span id=\"hs_cos_wrapper_post_body\" class=\"hs_cos_wrapper hs_cos_wrapper_meta_field hs_cos_wrapper_type_rich_text\" data-hs-cos-general-type=\"meta_field\" data-hs-cos-type=\"rich_text\"><\/p>\n<p style=\"font-size: 16px;text-align: justify;line-height: 1.5\">Se aproxima el evento cultural con mayor tradici\u00f3n e importancia en nuestra regi\u00f3n, pues a partir del 10 y hasta el 31 de agosto la Universidad Industrial de Santander nos deleitar\u00e1 con incre\u00edbles recitales en el marco del XXXII Festival Internacional de piano. Por ello, quisi\u00e9ramos recomendarles la asistencia a estos dos espacios de arte y m\u00fasica para que disfruten en familia.<\/p>\n<p>           <!--more--><\/p>\n<p style=\"text-align: justify;font-size: 16px;line-height: 1.5\">El evento, con recitales de alta calidad y organizado por la Direcci\u00f3n Cultural de la UIS, ofrecer\u00e1 m\u00e1s de 50 presentaciones de artistas internacionales, nacionales, regionales y locales en diferentes conciertos en Bucaramanga y su \u00e1rea metropolitana.<\/p>\n<p style=\"text-align: justify;font-size: 16px;line-height: 1.5\">En diversos auditorios del campus central de la UIS se realizar\u00e1n conciertos de pianistas infantiles y juveniles, de grupos de c\u00e1mara, de piano y orquesta, de orquestas infantiles y juveniles, de extensi\u00f3n y recitales de abono.<\/p>\n<p style=\"text-align: justify;font-size: 16px;line-height: 1.5\">Igualmente se tiene previsto el desarrollo del XIII Festival Infantil de Piano con sus conciertos did\u00e1cticos en el auditorio Luis A. Calvo de la Universidad, al cual asistiremos con nuestros estudiantes de primaria del Colegio.<\/p>\n<p style=\"text-align: justify;font-size: 16px;line-height: 1.5\">Paralelo al certamen se realizar\u00e1n talleres de t\u00e9cnica e interpretaci\u00f3n con clases magistrales. Los asistentes podr\u00e1n apreciar adem\u00e1s la exposici\u00f3n \u2018Piani-metr\u00eda compositiva a trav\u00e9s de la m\u00fasica de Luis Antonio Calvo\u2019, del artista invitado, Rito Hemel Pati\u00f1o, quien adem\u00e1s es el autor del afiche que promociona el Festival en esta edici\u00f3n.<\/p>\n<p style=\"text-align: justify;font-size: 16px;line-height: 1.5\">La muestra del maestro Pati\u00f1o se podr\u00e1 apreciar en la sala Rafael Prada Ardila del campus central de la UIS, en horario de lunes a viernes de 8:00 a.m a 12 del mediod\u00eda y de 2:00 a 6:00 de la tarde del 10 al 31 de agosto.<\/p>\n<p style=\"text-align: justify;font-size: 16px;line-height: 1.5\">Esperamos que puedan disfrutar de estas experiencias tan enriquecedoras y poder acompa\u00f1ar a sus hijos en los diferentes espacios que la UIS ha preparado para nosotros.<\/p>\n<p>&nbsp;<\/p>\n<p>&nbsp;<\/p>\n<div class=\"caption\">\n            <img decoding=\"async\" class=\" wp-image-1650\" src=\"https:\/\/newportschool.edu.co\/wp-content\/uploads\/sites\/28\/2025\/01\/logo-newportschool-4-Feb-28-2024-05-21-52-9991-PM.png\" alt=\"Newport colegio bilingue en Bucaramanga, Floridablanca\" width=\"225\" height=\"70\"><br \/>\n            <br \/>\n            <span class=\"s1\"><strong>Carolina Charry Reyes&nbsp;<\/strong><\/span><br \/>\n            <br \/>\n            <span class=\"s1\">Newport School Headmistress<\/span><br \/>\n            <br \/>\n            <span class=\"s2\">Phone number&nbsp;<\/span><br \/>\n            <span class=\"s3\">(57) &nbsp;7-6185011<\/span><br \/>\n            <br \/>\n            <span class=\"s3\"><a href=\"mailto:charry@newportschool.edu.co\">charry@newportschool.edu.co<\/a><\/span>\n           <\/div>\n<p><\/span>\n         <\/div>\n<\/p><\/div>\n<\/p><\/div>\n<\/p><\/div>\n<\/p><\/div>\n<p>     <!--end widget-span --> <\/p>\n<div class=\"span1 widget-span widget-type-custom_widget \" data-widget-type=\"custom_widget\" data-x=\"11\" data-w=\"1\">\n<div id=\"hs_cos_wrapper_module_1594334451948379\" class=\"hs_cos_wrapper hs_cos_wrapper_widget hs_cos_wrapper_type_module widget-type-space\" data-hs-cos-general-type=\"widget\" data-hs-cos-type=\"module\">\n       <span class=\"hs-horizontal-spacer\"><\/span>\n      <\/div>\n<\/p><\/div>\n<p>     <!--end widget-span -->\n    <\/div>\n<p>    <!--end row-->\n   <\/div>\n<p>   <!--end row-wrapper -->\n  <\/div>\n<p>  <!--end widget-span -->\n <\/div>\n<p> <!--end row-->\n<\/div>\n<p><!--end row-wrapper --><\/p>\n","protected":false},"excerpt":{"rendered":"<p>Espacios musicales para nuestros ni\u00f1os y sus familias<\/p>\n","protected":false},"featured_media":2412,"template":"","class_list":["post-2410","blog","type-blog","status-publish","has-post-thumbnail","hentry"],"acf":[],"yoast_head":"<!-- This site is optimized with the Yoast SEO plugin v27.1.1 - https:\/\/yoast.com\/product\/yoast-seo-wordpress\/ -->\n<title>Espacios musicales para nuestros ni\u00f1os y sus familias - Newport School | Colegios Redcol La evoluci\u00f3n de la educaci\u00f3n<\/title>\n<meta name=\"robots\" content=\"index, follow, max-snippet:-1, max-image-preview:large, max-video-preview:-1\" \/>\n<link rel=\"canonical\" href=\"https:\/\/newportschool.edu.co\/es\/blog\/espacios-musicales-para-nuestros-ninos-y-sus-familias\/\" \/>\n<meta property=\"og:locale\" content=\"es_ES\" \/>\n<meta property=\"og:type\" content=\"article\" \/>\n<meta property=\"og:title\" content=\"Espacios musicales para nuestros ni\u00f1os y sus familias - Newport School | Colegios Redcol La evoluci\u00f3n de la educaci\u00f3n\" \/>\n<meta property=\"og:description\" content=\"Espacios musicales para nuestros ni\u00f1os y sus familias\" \/>\n<meta property=\"og:url\" content=\"https:\/\/newportschool.edu.co\/es\/blog\/espacios-musicales-para-nuestros-ninos-y-sus-familias\/\" \/>\n<meta property=\"og:site_name\" content=\"Newport School | Colegios Redcol La evoluci\u00f3n de la educaci\u00f3n\" \/>\n<meta property=\"article:publisher\" content=\"https:\/\/www.facebook.com\/newportschool\/\" \/>\n<meta property=\"og:image\" content=\"https:\/\/newportschool.edu.co\/wp-content\/uploads\/sites\/28\/2025\/01\/mama_5-Feb-28-2024-05-06-19-4533-PM.jpg\" \/>\n\t<meta property=\"og:image:width\" content=\"367\" \/>\n\t<meta property=\"og:image:height\" content=\"54\" \/>\n\t<meta property=\"og:image:type\" content=\"image\/jpeg\" \/>\n<meta name=\"twitter:card\" content=\"summary_large_image\" \/>\n<meta name=\"twitter:label1\" content=\"Tiempo de lectura\" \/>\n\t<meta name=\"twitter:data1\" content=\"2 minutos\" \/>\n<script type=\"application\/ld+json\" class=\"yoast-schema-graph\">{\"@context\":\"https:\/\/schema.org\",\"@graph\":[{\"@type\":\"WebPage\",\"@id\":\"https:\/\/newportschool.edu.co\/es\/blog\/espacios-musicales-para-nuestros-ninos-y-sus-familias\/\",\"url\":\"https:\/\/newportschool.edu.co\/es\/blog\/espacios-musicales-para-nuestros-ninos-y-sus-familias\/\",\"name\":\"Espacios musicales para nuestros ni\u00f1os y sus familias - Newport School | Colegios Redcol La evoluci\u00f3n de la educaci\u00f3n\",\"isPartOf\":{\"@id\":\"https:\/\/newportschool.edu.co\/es\/#website\"},\"primaryImageOfPage\":{\"@id\":\"https:\/\/newportschool.edu.co\/es\/blog\/espacios-musicales-para-nuestros-ninos-y-sus-familias\/#primaryimage\"},\"image\":{\"@id\":\"https:\/\/newportschool.edu.co\/es\/blog\/espacios-musicales-para-nuestros-ninos-y-sus-familias\/#primaryimage\"},\"thumbnailUrl\":\"https:\/\/newportschool.edu.co\/wp-content\/uploads\/sites\/28\/2025\/01\/musica-min-1-scaled-1.jpg\",\"datePublished\":\"2024-05-16T15:36:44+00:00\",\"breadcrumb\":{\"@id\":\"https:\/\/newportschool.edu.co\/es\/blog\/espacios-musicales-para-nuestros-ninos-y-sus-familias\/#breadcrumb\"},\"inLanguage\":\"es\",\"potentialAction\":[{\"@type\":\"ReadAction\",\"target\":[\"https:\/\/newportschool.edu.co\/es\/blog\/espacios-musicales-para-nuestros-ninos-y-sus-familias\/\"]}]},{\"@type\":\"ImageObject\",\"inLanguage\":\"es\",\"@id\":\"https:\/\/newportschool.edu.co\/es\/blog\/espacios-musicales-para-nuestros-ninos-y-sus-familias\/#primaryimage\",\"url\":\"https:\/\/newportschool.edu.co\/wp-content\/uploads\/sites\/28\/2025\/01\/musica-min-1-scaled-1.jpg\",\"contentUrl\":\"https:\/\/newportschool.edu.co\/wp-content\/uploads\/sites\/28\/2025\/01\/musica-min-1-scaled-1.jpg\",\"width\":2560,\"height\":1707},{\"@type\":\"BreadcrumbList\",\"@id\":\"https:\/\/newportschool.edu.co\/es\/blog\/espacios-musicales-para-nuestros-ninos-y-sus-familias\/#breadcrumb\",\"itemListElement\":[{\"@type\":\"ListItem\",\"position\":1,\"name\":\"Home\",\"item\":\"https:\/\/newportschool.edu.co\/es\/\"},{\"@type\":\"ListItem\",\"position\":2,\"name\":\"Espacios musicales para nuestros ni\u00f1os y sus familias\"}]},{\"@type\":\"WebSite\",\"@id\":\"https:\/\/newportschool.edu.co\/es\/#website\",\"url\":\"https:\/\/newportschool.edu.co\/es\/\",\"name\":\"Newport School | Colegios Redcol La evoluci\u00f3n de la educaci\u00f3n\",\"description\":\"Somos un colegio biling\u00fce, calendario A, con una metodolog\u00eda innovadora para preescolar, primaria y bachillerato. \u00a1Ven y vive la experiencia Newport School!\",\"publisher\":{\"@id\":\"https:\/\/newportschool.edu.co\/es\/#organization\"},\"potentialAction\":[{\"@type\":\"SearchAction\",\"target\":{\"@type\":\"EntryPoint\",\"urlTemplate\":\"https:\/\/newportschool.edu.co\/es\/?s={search_term_string}\"},\"query-input\":{\"@type\":\"PropertyValueSpecification\",\"valueRequired\":true,\"valueName\":\"search_term_string\"}}],\"inLanguage\":\"es\"},{\"@type\":\"Organization\",\"@id\":\"https:\/\/newportschool.edu.co\/es\/#organization\",\"name\":\"Newport School | Colegios Redcol La evoluci\u00f3n de la educaci\u00f3n\",\"url\":\"https:\/\/newportschool.edu.co\/es\/\",\"logo\":{\"@type\":\"ImageObject\",\"inLanguage\":\"es\",\"@id\":\"https:\/\/newportschool.edu.co\/es\/#\/schema\/logo\/image\/\",\"url\":\"https:\/\/newportschool.edu.co\/wp-content\/uploads\/sites\/28\/2024\/11\/cropped-LogoNewport-2.png\",\"contentUrl\":\"https:\/\/newportschool.edu.co\/wp-content\/uploads\/sites\/28\/2024\/11\/cropped-LogoNewport-2.png\",\"width\":808,\"height\":388,\"caption\":\"Newport School | Colegios Redcol La evoluci\u00f3n de la educaci\u00f3n\"},\"image\":{\"@id\":\"https:\/\/newportschool.edu.co\/es\/#\/schema\/logo\/image\/\"},\"sameAs\":[\"https:\/\/www.facebook.com\/newportschool\/\",\"https:\/\/instagram.com\/newportschool\/\",\"https:\/\/www.youtube.com\/channel\/UCkuOH6cSzNNej7FE8wZ4bMQ\"]}]}<\/script>\n<!-- \/ Yoast SEO plugin. -->","yoast_head_json":{"title":"Espacios musicales para nuestros ni\u00f1os y sus familias - Newport School | Colegios Redcol La evoluci\u00f3n de la educaci\u00f3n","robots":{"index":"index","follow":"follow","max-snippet":"max-snippet:-1","max-image-preview":"max-image-preview:large","max-video-preview":"max-video-preview:-1"},"canonical":"https:\/\/newportschool.edu.co\/es\/blog\/espacios-musicales-para-nuestros-ninos-y-sus-familias\/","og_locale":"es_ES","og_type":"article","og_title":"Espacios musicales para nuestros ni\u00f1os y sus familias - Newport School | Colegios Redcol La evoluci\u00f3n de la educaci\u00f3n","og_description":"Espacios musicales para nuestros ni\u00f1os y sus familias","og_url":"https:\/\/newportschool.edu.co\/es\/blog\/espacios-musicales-para-nuestros-ninos-y-sus-familias\/","og_site_name":"Newport School | Colegios Redcol La evoluci\u00f3n de la educaci\u00f3n","article_publisher":"https:\/\/www.facebook.com\/newportschool\/","og_image":[{"width":367,"height":54,"url":"https:\/\/newportschool.edu.co\/wp-content\/uploads\/sites\/28\/2025\/01\/mama_5-Feb-28-2024-05-06-19-4533-PM.jpg","type":"image\/jpeg"}],"twitter_card":"summary_large_image","twitter_misc":{"Tiempo de lectura":"2 minutos"},"schema":{"@context":"https:\/\/schema.org","@graph":[{"@type":"WebPage","@id":"https:\/\/newportschool.edu.co\/es\/blog\/espacios-musicales-para-nuestros-ninos-y-sus-familias\/","url":"https:\/\/newportschool.edu.co\/es\/blog\/espacios-musicales-para-nuestros-ninos-y-sus-familias\/","name":"Espacios musicales para nuestros ni\u00f1os y sus familias - Newport School | Colegios Redcol La evoluci\u00f3n de la educaci\u00f3n","isPartOf":{"@id":"https:\/\/newportschool.edu.co\/es\/#website"},"primaryImageOfPage":{"@id":"https:\/\/newportschool.edu.co\/es\/blog\/espacios-musicales-para-nuestros-ninos-y-sus-familias\/#primaryimage"},"image":{"@id":"https:\/\/newportschool.edu.co\/es\/blog\/espacios-musicales-para-nuestros-ninos-y-sus-familias\/#primaryimage"},"thumbnailUrl":"https:\/\/newportschool.edu.co\/wp-content\/uploads\/sites\/28\/2025\/01\/musica-min-1-scaled-1.jpg","datePublished":"2024-05-16T15:36:44+00:00","breadcrumb":{"@id":"https:\/\/newportschool.edu.co\/es\/blog\/espacios-musicales-para-nuestros-ninos-y-sus-familias\/#breadcrumb"},"inLanguage":"es","potentialAction":[{"@type":"ReadAction","target":["https:\/\/newportschool.edu.co\/es\/blog\/espacios-musicales-para-nuestros-ninos-y-sus-familias\/"]}]},{"@type":"ImageObject","inLanguage":"es","@id":"https:\/\/newportschool.edu.co\/es\/blog\/espacios-musicales-para-nuestros-ninos-y-sus-familias\/#primaryimage","url":"https:\/\/newportschool.edu.co\/wp-content\/uploads\/sites\/28\/2025\/01\/musica-min-1-scaled-1.jpg","contentUrl":"https:\/\/newportschool.edu.co\/wp-content\/uploads\/sites\/28\/2025\/01\/musica-min-1-scaled-1.jpg","width":2560,"height":1707},{"@type":"BreadcrumbList","@id":"https:\/\/newportschool.edu.co\/es\/blog\/espacios-musicales-para-nuestros-ninos-y-sus-familias\/#breadcrumb","itemListElement":[{"@type":"ListItem","position":1,"name":"Home","item":"https:\/\/newportschool.edu.co\/es\/"},{"@type":"ListItem","position":2,"name":"Espacios musicales para nuestros ni\u00f1os y sus familias"}]},{"@type":"WebSite","@id":"https:\/\/newportschool.edu.co\/es\/#website","url":"https:\/\/newportschool.edu.co\/es\/","name":"Newport School | Colegios Redcol La evoluci\u00f3n de la educaci\u00f3n","description":"Somos un colegio biling\u00fce, calendario A, con una metodolog\u00eda innovadora para preescolar, primaria y bachillerato. \u00a1Ven y vive la experiencia Newport School!","publisher":{"@id":"https:\/\/newportschool.edu.co\/es\/#organization"},"potentialAction":[{"@type":"SearchAction","target":{"@type":"EntryPoint","urlTemplate":"https:\/\/newportschool.edu.co\/es\/?s={search_term_string}"},"query-input":{"@type":"PropertyValueSpecification","valueRequired":true,"valueName":"search_term_string"}}],"inLanguage":"es"},{"@type":"Organization","@id":"https:\/\/newportschool.edu.co\/es\/#organization","name":"Newport School | Colegios Redcol La evoluci\u00f3n de la educaci\u00f3n","url":"https:\/\/newportschool.edu.co\/es\/","logo":{"@type":"ImageObject","inLanguage":"es","@id":"https:\/\/newportschool.edu.co\/es\/#\/schema\/logo\/image\/","url":"https:\/\/newportschool.edu.co\/wp-content\/uploads\/sites\/28\/2024\/11\/cropped-LogoNewport-2.png","contentUrl":"https:\/\/newportschool.edu.co\/wp-content\/uploads\/sites\/28\/2024\/11\/cropped-LogoNewport-2.png","width":808,"height":388,"caption":"Newport School | Colegios Redcol La evoluci\u00f3n de la educaci\u00f3n"},"image":{"@id":"https:\/\/newportschool.edu.co\/es\/#\/schema\/logo\/image\/"},"sameAs":["https:\/\/www.facebook.com\/newportschool\/","https:\/\/instagram.com\/newportschool\/","https:\/\/www.youtube.com\/channel\/UCkuOH6cSzNNej7FE8wZ4bMQ"]}]}},"jetpack_sharing_enabled":true,"_links":{"self":[{"href":"https:\/\/newportschool.edu.co\/es\/wp-json\/wp\/v2\/blog\/2410","targetHints":{"allow":["GET"]}}],"collection":[{"href":"https:\/\/newportschool.edu.co\/es\/wp-json\/wp\/v2\/blog"}],"about":[{"href":"https:\/\/newportschool.edu.co\/es\/wp-json\/wp\/v2\/types\/blog"}],"version-history":[{"count":0,"href":"https:\/\/newportschool.edu.co\/es\/wp-json\/wp\/v2\/blog\/2410\/revisions"}],"wp:featuredmedia":[{"embeddable":true,"href":"https:\/\/newportschool.edu.co\/es\/wp-json\/wp\/v2\/media\/2412"}],"wp:attachment":[{"href":"https:\/\/newportschool.edu.co\/es\/wp-json\/wp\/v2\/media?parent=2410"}],"curies":[{"name":"wp","href":"https:\/\/api.w.org\/{rel}","templated":true}]}}